{"id":13760,"date":"2026-08-31T11:33:05","date_gmt":"2026-08-31T09:33:05","guid":{"rendered":"https:\/\/www.elmercadodeorigen.com\/cuanta-proteina-tiene-chorizo-iberico\/"},"modified":"2026-08-31T11:33:05","modified_gmt":"2026-08-31T09:33:05","slug":"cuanta-proteina-tiene-chorizo-iberico","status":"publish","type":"post","link":"https:\/\/www.elmercadodeorigen.com\/en\/how-much-protein-iberian-chorizo\/","title":{"rendered":"How much protein is in Iberian chorizo?"},"content":{"rendered":"<p>Iberian chorizo provides a meaningful amount of protein, but there is no single number that applies to every brand. Because it is made from minced meat and fat, the lean-to-fat ratio and water loss during curing strongly affect the final result.<\/p>\n<h2>Quick answer: how much protein?<\/h2>\n<p>The Spanish Ministry&#8217;s generic chorizo sheet lists <strong>22 g protein per 100 g<\/strong>. A study of sliced Iberian chorizo found an average of about <strong>25.1 g\/100 g<\/strong>. Roughly 20\u201325 g\/100 g is therefore a useful order of magnitude for many products, but the exact label is the right reference for each item.<\/p>\n<h2>Protein per serving<\/h2>\n<p>If a product declares 22 g\/100 g, a 30 g serving provides 6.6 g protein and a 50 g serving 11 g. At 25 g\/100 g, those servings provide 7.5 and 12.5 g.<\/p>\n<table>\n<thead>\n<tr>\n<th>Serving<\/th>\n<th>At 22 g\/100 g<\/th>\n<th>At 25 g\/100 g<\/th>\n<\/tr>\n<\/thead>\n<tbody>\n<tr>\n<td>20 g<\/td>\n<td>4.4 g<\/td>\n<td>5 g<\/td>\n<\/tr>\n<tr>\n<td>30 g<\/td>\n<td>6.6 g<\/td>\n<td>7.5 g<\/td>\n<\/tr>\n<tr>\n<td>50 g<\/td>\n<td>11 g<\/td>\n<td>12.5 g<\/td>\n<\/tr>\n<\/tbody>\n<\/table>\n<h2>Is it complete protein?<\/h2>\n<p>Yes. It comes mainly from pork and supplies all essential amino acids. Protein quality is high, although the food should not be judged on protein alone because it also contains fat and sodium.<\/p>\n<h2>Why does it often contain less protein than cured loin?<\/h2>\n<p>Cured loin is a whole muscle and can become highly concentrated as it dries. Chorizo is deliberately formulated with meat and fat. Fat occupies part of the final weight, so protein density is often lower than in a lean, highly dried loin.<\/p>\n<h2>Does acorn feeding mean more protein?<\/h2>\n<p>Not necessarily. Feeding can alter fatty-acid profile and other characteristics, while protein per 100 g depends strongly on formulation, fat percentage and final moisture. \u201cBellota\u201d should not be treated as a synonym for higher protein.<\/p>\n<h2>How to calculate your serving<\/h2>\n<p>Multiply the label&#8217;s protein value by the serving weight and divide by 100. For example, 24 g\/100 g \u00d7 35 g \/ 100 = 8.4 g protein.<\/p>\n<h2>Does more protein automatically mean a better choice?<\/h2>\n<p>No. Two chorizos can have similar protein but important differences in saturated fat, sodium, ingredients and serving size. Compare the full nutrition declaration.<\/p>\n<h2>Summary<\/h2>\n<p>Iberian chorizo often provides roughly <strong>20\u201325 g protein per 100 g<\/strong> in common references, although products can fall outside that range. For the full profile see <a href=\"\/en\/nutrients-iberian-chorizo-protein-fat-iron-vitamins-minerals\/\">which nutrients Iberian chorizo contains<\/a>.<\/p>\n<h2>What matters most: meat, fat or drying?<\/h2>\n<p>Protein per 100 g does not depend only on how much meat is used initially. If two sausage mixes start with a similar lean proportion but one loses more water during maturation, the drier finished product can show more protein per 100 g. Likewise, increasing the fat proportion reduces the relative share of protein in the final weight.<\/p>\n<p>This is why two visually similar Iberian chorizos can differ by several grams of protein. Calibre also matters indirectly because thick and thin sausages can reach different final moisture levels depending on the process.<\/p>\n<h2>Iberian chorizo versus conventional chorizo<\/h2>\n<p>\u201cIberian\u201d describes raw material and applicable commercial requirements, but it does not set a fixed minimum protein value on the nutrition label. An Iberian chorizo can contain more, similar or less protein than a non-Iberian product depending on formulation. A real comparison requires the per-100-g value on both labels.<\/p>\n<h2>Protein versus calories<\/h2>\n<p>High protein does not automatically mean a high protein-to-calorie ratio because chorizo can also contain substantial fat. If that ratio matters, compare protein grams and energy per 100 g together with serving size. Cured loin is often more protein-efficient because it starts as a whole muscle without intentionally added backfat.<\/p>\n<h2>Sources and how to read the figures<\/h2>\n<p>The numbers in these guides are reference values, not a universal label. In dry-cured sausages, recipe, lean-to-fat ratio, drying, animal feeding and producer all affect composition. For a specific purchase, the product&#8217;s own nutrition declaration takes priority.<\/p>\n<ul>\n<li><a href=\"https:\/\/www.mapa.gob.es\/es\/ministerio\/servicios\/informacion\/chorizo_tcm30-103027.pdf\" rel=\"nofollow\">Spanish Ministry of Agriculture\/FEN: chorizo food-composition sheet<\/a>.<\/li>\n<li><a href=\"https:\/\/pmc.ncbi.nlm.nih.gov\/articles\/PMC9914136\/\" rel=\"nofollow\">Physicochemical characterization study of sliced Iberian chorizo<\/a>.<\/li>\n<li><a href=\"https:\/\/pmc.ncbi.nlm.nih.gov\/articles\/PMC7982819\/\" rel=\"nofollow\">Study of mineral composition in Iberian chorizo<\/a>.<\/li>\n<\/ul>\n<h2>Related Iberian cured sausages<\/h2>\n<div class=\"woocommerce columns-4\">\t\t<ul class=\"products columns-4 tablet-columns-2 mobile-columns-1\">\n\t\t<li class=\"product type-product post-5348 status-publish first instock product_cat-mentta-embutidos-y-curados product_cat-embutidos-y-curados product_cat-mentta product_tag-embutidos product_tag-lomo has-post-thumbnail taxable shipping-taxable purchasable product-type-simple\">\n\t\t\t<div class=\"product-loop-wrapper\">\n\t\t<div class=\"berocket_better_labels berocket_better_labels_image\"><div class=\"berocket_better_labels_position berocket_better_labels_position_right\"><div class=\"berocket_better_labels_line berocket_better_labels_line_1\"><div class=\"berocket_better_labels_inline berocket_better_labels_inline_1\"><div class=\"br_alabel br_alabel_type_text br_alabel_template_type_css berocket_alabel_id_1775  br_alabel_better_compatibility\" style=\"\"><span  style=\"\"><i style=\"background-color: #f16543; border-color: #f16543;\" class=\"template-span-before\"><\/i><i style=\"background-color: #f16543; border-color: #f16543;\" class=\"template-i\"><\/i><i style=\"background-color: #f16543; border-color: #f16543;\" class=\"template-i-before\"><\/i><i style=\"background-color: #f16543; border-color: #f16543;\" class=\"template-i-after\"><\/i><b style=\"position: relative;z-index: 100;text-align: center;color: inherit;\">New<\/b><\/span><\/div><\/div><\/div><\/div><\/div><div class=\"product-loop-image-wrapper\">\t\t<div class=\"product-loop-action\"><\/div>\n\t\t<a href=\"https:\/\/www.elmercadodeorigen.com\/en\/product\/100-iberian-acorn-fed-lomito-cured-presa-loin\/\" class=\"woocommerce-LoopProduct-link woocommerce-loop-product__link\"><img fetchpriority=\"high\" width=\"480\" height=\"480\" src=\"https:\/\/www.elmercadodeorigen.com\/wp-content\/uploads\/2021\/11\/Lomito-cana-de-presa-de-bellota-100-iberico-480x480.jpg\" class=\"attachment-woocommerce_thumbnail size-woocommerce_thumbnail product-loop-image elmercado-catalog-card-image-010241\" alt=\"Lomito (ca\u00f1a de presa) de bellota 100% ib\u00e9rico\" srcset=\"https:\/\/www.elmercadodeorigen.com\/wp-content\/uploads\/2021\/11\/Lomito-cana-de-presa-de-bellota-100-iberico-480x480.jpg 480w, https:\/\/www.elmercadodeorigen.com\/wp-content\/uploads\/2021\/11\/Lomito-cana-de-presa-de-bellota-100-iberico.jpg 750w\" sizes=\"(max-width: 767px) calc(100vw - 32px), (max-width: 1100px) calc(50vw - 32px), 280px\" decoding=\"async\" \/><\/a><a href=\"\/en\/wp-json\/wp\/v2\/posts\/13760?add-to-cart=5348\" data-quantity=\"1\" class=\"loop-add-to-cart-on-image button product_type_simple add_to_cart_button ajax_add_to_cart\" data-product_id=\"5348\" data-product_sku=\"\" title=\"Add to cart: \u201c100% Iberian acorn-fed lomito (cured presa loin)\u201d\" rel=\"nofollow\" data-emdo-pinterest-id=\"emdo-5348\" data-emdo-pinterest-name=\"100% Iberian acorn-fed lomito (cured presa loin)\" data-emdo-pinterest-price=\"32\" data-emdo-pinterest-category=\"Embutidos y curados\" data-emdo-pinterest-brand=\"Hidalgo de la Jara\" role=\"button\" data-no-translation-title=\"\"><span class=\"woostify-svg-icon icon-shopping-cart-2\"><svg\n   xmlns:dc=\"http:\/\/purl.org\/dc\/elements\/1.1\/\"\n   xmlns:cc=\"http:\/\/creativecommons.org\/ns#\"\n   xmlns:rdf=\"http:\/\/www.w3.org\/1999\/02\/22-rdf-syntax-ns#\"\n   xmlns:svg=\"http:\/\/www.w3.org\/2000\/svg\"\n   xmlns=\"http:\/\/www.w3.org\/2000\/svg\"\n   xmlns:sodipodi=\"http:\/\/sodipodi.sourceforge.net\/DTD\/sodipodi-0.dtd\"\n   xmlns:inkscape=\"http:\/\/www.inkscape.org\/namespaces\/inkscape\"\n   version=\"1.1\"\n   width=\"17\"\n   height=\"17\"\n   viewbox=\"0 0 17 17\"\n   id=\"svg50\"\n   sodipodi:docname=\"shopping-cart-2.svg\"\n   inkscape:version=\"1.0.2-2 (e86c870879, 2021-01-15)\">\n  <metadata\n     id=\"metadata56\">\n    <rdf:rdf>\n      <cc:work\n         rdf:about=\"\">\n        <dc:format>image\/svg+xml<\/dc:format>\n        <dc:type\n           rdf:resource=\"http:\/\/purl.org\/dc\/dcmitype\/StillImage\" \/>\n        <dc:title><\/dc:title>\n      <\/cc:work>\n    <\/rdf:rdf>\n  <\/metadata>\n  <defs\n     id=\"defs54\" \/>\n  <sodipodi:namedview\n     pagecolor=\"#ffffff\"\n     bordercolor=\"#666666\"\n     borderopacity=\"1\"\n     objecttolerance=\"10\"\n     gridtolerance=\"10\"\n     guidetolerance=\"10\"\n     inkscape:pageopacity=\"0\"\n     inkscape:pageshadow=\"2\"\n     inkscape:window-width=\"2400\"\n     inkscape:window-height=\"1271\"\n     id=\"namedview52\"\n     showgrid=\"false\"\n     inkscape:zoom=\"48.823529\"\n     inkscape:cx=\"8.5\"\n     inkscape:cy=\"8.5\"\n     inkscape:window-x=\"2391\"\n     inkscape:window-y=\"-9\"\n     inkscape:window-maximized=\"1\"\n     inkscape:current-layer=\"svg50\" \/>\n  <g\n     id=\"g46\"\n     transform=\"matrix(-1,0,0,1,16.926,0)\" \/>\n  <path\n     d=\"m 14.176,12.5 c 0.965,0 1.75,0.785 1.75,1.75 0,0.965 -0.785,1.75 -1.75,1.75 -0.965,0 -1.75,-0.785 -1.75,-1.75 0,-0.965 0.785,-1.75 1.75,-1.75 z m 0,2.5 c 0.414,0 0.75,-0.337 0.75,-0.75 0,-0.413 -0.336,-0.75 -0.75,-0.75 -0.414,0 -0.75,0.337 -0.75,0.75 0,0.413 0.336,0.75 0.75,0.75 z m -8.5,-2.5 c 0.965,0 1.75,0.785 1.75,1.75 0,0.965 -0.785,1.75 -1.75,1.75 -0.965,0 -1.75,-0.785 -1.75,-1.75 0,-0.965 0.785,-1.75 1.75,-1.75 z m 0,2.5 c 0.414,0 0.75,-0.337 0.75,-0.75 0,-0.413 -0.336,-0.75 -0.75,-0.75 -0.414,0 -0.75,0.337 -0.75,0.75 0,0.413 0.336,0.75 0.75,0.75 z M 3.555,2 3.857,4 H 17 l -1.118,8.036 H 3.969 L 2.931,4.573 2.695,3 H -0.074 V 2 Z M 4,5 4.139,6 H 15.713 L 15.852,5 Z M 15.012,11.036 15.573,7 H 4.278 l 0.561,4.036 z\"\n     fill=\"#000000\"\n     id=\"path48\" \/>\n<\/svg>\n<\/span>Add to cart<\/a>\t<span id=\"woocommerce_loop_add_to_cart_link_describedby_5348\" class=\"screen-reader-text\">\n\t\t\t<\/span>\n<\/div><div class=\"product-loop-content text-center\">\t\t<h2 class=\"woocommerce-loop-product__title\">\n\t\t\t<a href=\"https:\/\/www.elmercadodeorigen.com\/en\/product\/100-iberian-acorn-fed-lomito-cured-presa-loin\/\" class=\"woocommerce-LoopProduct-link woocommerce-loop-product__link\">100% Iberian acorn-fed lomito (cured presa loin)<\/a>\t\t<\/h2>\n\t\t<div class=\"star-rating\" role=\"img\" aria-label=\"Rated 5.00 out of 5\" data-no-translation-aria-label=\"\"><span style=\"width:100%\" data-no-translation=\"\" data-trp-gettext=\"\">Rated <strong class=\"rating\">5.00<\/strong> out of 5<\/span><\/div><div class=\"product-loop-meta no-transform\"><div class=\"animated-meta\">\t\t\t<span class=\"price\"><span class=\"woocommerce-Price-amount amount\">32,00<span class=\"woocommerce-Price-currencySymbol\">&euro;<\/span><\/span><\/span>\n\t\t\t<\/div><\/div><\/div><div class=\"wcfmmp_sold_by_container\"><div class=\"wcfm-clearfix\"><\/div><div class=\"wcfmmp_sold_by_wrapper\"><span class=\"wcfmmp_sold_by_label\">Sold by:&nbsp;<\/span><img decoding=\"async\" class=\"wcfmmp_sold_by_logo\" src=\"https:\/\/www.elmercadodeorigen.com\/wp-content\/uploads\/2020\/06\/Hidalgo-de-la-Jara-logo.jpg\" \/>&nbsp;<a class=\"wcfm_dashboard_item_title\" target=\"_blank\" href=\"https:\/\/www.elmercadodeorigen.com\/en\/store\/hidalgo-de-la-jara\/\">Hidalgo de la Jara<\/a><\/div><div class=\"wcfm-clearfix\"><\/div><\/div>\t\t<\/div>\n\t\t<\/li>\n<li class=\"product type-product post-5343 status-publish instock product_cat-mentta-embutidos-y-curados product_cat-embutidos-y-curados product_cat-mentta product_tag-embutidos product_tag-sobrasada has-post-thumbnail taxable shipping-taxable purchasable product-type-simple\">\n\t\t\t<div class=\"product-loop-wrapper\">\n\t\t<div class=\"berocket_better_labels berocket_better_labels_image\"><div class=\"berocket_better_labels_position berocket_better_labels_position_right\"><div class=\"berocket_better_labels_line berocket_better_labels_line_1\"><div class=\"berocket_better_labels_inline berocket_better_labels_inline_1\"><div class=\"br_alabel br_alabel_type_text br_alabel_template_type_css berocket_alabel_id_1775  br_alabel_better_compatibility\" style=\"\"><span  style=\"\"><i style=\"background-color: #f16543; border-color: #f16543;\" class=\"template-span-before\"><\/i><i style=\"background-color: #f16543; border-color: #f16543;\" class=\"template-i\"><\/i><i style=\"background-color: #f16543; border-color: #f16543;\" class=\"template-i-before\"><\/i><i style=\"background-color: #f16543; border-color: #f16543;\" class=\"template-i-after\"><\/i><b style=\"position: relative;z-index: 100;text-align: center;color: inherit;\">New<\/b><\/span><\/div><\/div><\/div><\/div><\/div><div class=\"product-loop-image-wrapper\">\t\t<div class=\"product-loop-action\"><\/div>\n\t\t<a href=\"https:\/\/www.elmercadodeorigen.com\/en\/product\/100-iberian-acorn-fed-sobrasada\/\" class=\"woocommerce-LoopProduct-link woocommerce-loop-product__link\">\t\t\t\t<span class=\"product-loop-hover-image\" style=\"background-image: url(https:\/\/www.elmercadodeorigen.com\/wp-content\/uploads\/2021\/11\/11.4-Sobrasada-de-bellota-100-iberica-300x400.jpg);\"><\/span>\n\t\t\t\t<img width=\"480\" height=\"480\" src=\"https:\/\/www.elmercadodeorigen.com\/wp-content\/uploads\/2021\/11\/Sobrasada-de-bellota-100-iberica-480x480.jpg\" class=\"attachment-woocommerce_thumbnail size-woocommerce_thumbnail product-loop-image elmercado-catalog-card-image-010241\" alt=\"Sobrasada de bellota 100% ib\u00e9rica\" srcset=\"https:\/\/www.elmercadodeorigen.com\/wp-content\/uploads\/2021\/11\/Sobrasada-de-bellota-100-iberica-480x480.jpg 480w, https:\/\/www.elmercadodeorigen.com\/wp-content\/uploads\/2021\/11\/Sobrasada-de-bellota-100-iberica.jpg 750w\" sizes=\"(max-width: 767px) calc(100vw - 32px), (max-width: 1100px) calc(50vw - 32px), 280px\" decoding=\"async\" \/><\/a><a href=\"\/en\/wp-json\/wp\/v2\/posts\/13760?add-to-cart=5343\" data-quantity=\"1\" class=\"loop-add-to-cart-on-image button product_type_simple add_to_cart_button ajax_add_to_cart\" data-product_id=\"5343\" data-product_sku=\"\" title=\"Add to cart: \u201c100% Iberian acorn-fed sobrasada\u201d\" rel=\"nofollow\" data-emdo-pinterest-id=\"emdo-5343\" data-emdo-pinterest-name=\"100% Iberian acorn-fed sobrasada\" data-emdo-pinterest-price=\"21.5\" data-emdo-pinterest-category=\"Embutidos y curados\" data-emdo-pinterest-brand=\"Hidalgo de la Jara\" role=\"button\" data-no-translation-title=\"\"><span class=\"woostify-svg-icon icon-shopping-cart-2\"><svg\n   xmlns:dc=\"http:\/\/purl.org\/dc\/elements\/1.1\/\"\n   xmlns:cc=\"http:\/\/creativecommons.org\/ns#\"\n   xmlns:rdf=\"http:\/\/www.w3.org\/1999\/02\/22-rdf-syntax-ns#\"\n   xmlns:svg=\"http:\/\/www.w3.org\/2000\/svg\"\n   xmlns=\"http:\/\/www.w3.org\/2000\/svg\"\n   xmlns:sodipodi=\"http:\/\/sodipodi.sourceforge.net\/DTD\/sodipodi-0.dtd\"\n   xmlns:inkscape=\"http:\/\/www.inkscape.org\/namespaces\/inkscape\"\n   version=\"1.1\"\n   width=\"17\"\n   height=\"17\"\n   viewbox=\"0 0 17 17\"\n   id=\"svg50\"\n   sodipodi:docname=\"shopping-cart-2.svg\"\n   inkscape:version=\"1.0.2-2 (e86c870879, 2021-01-15)\">\n  <metadata\n     id=\"metadata56\">\n    <rdf:rdf>\n      <cc:work\n         rdf:about=\"\">\n        <dc:format>image\/svg+xml<\/dc:format>\n        <dc:type\n           rdf:resource=\"http:\/\/purl.org\/dc\/dcmitype\/StillImage\" \/>\n        <dc:title><\/dc:title>\n      <\/cc:work>\n    <\/rdf:rdf>\n  <\/metadata>\n  <defs\n     id=\"defs54\" \/>\n  <sodipodi:namedview\n     pagecolor=\"#ffffff\"\n     bordercolor=\"#666666\"\n     borderopacity=\"1\"\n     objecttolerance=\"10\"\n     gridtolerance=\"10\"\n     guidetolerance=\"10\"\n     inkscape:pageopacity=\"0\"\n     inkscape:pageshadow=\"2\"\n     inkscape:window-width=\"2400\"\n     inkscape:window-height=\"1271\"\n     id=\"namedview52\"\n     showgrid=\"false\"\n     inkscape:zoom=\"48.823529\"\n     inkscape:cx=\"8.5\"\n     inkscape:cy=\"8.5\"\n     inkscape:window-x=\"2391\"\n     inkscape:window-y=\"-9\"\n     inkscape:window-maximized=\"1\"\n     inkscape:current-layer=\"svg50\" \/>\n  <g\n     id=\"g46\"\n     transform=\"matrix(-1,0,0,1,16.926,0)\" \/>\n  <path\n     d=\"m 14.176,12.5 c 0.965,0 1.75,0.785 1.75,1.75 0,0.965 -0.785,1.75 -1.75,1.75 -0.965,0 -1.75,-0.785 -1.75,-1.75 0,-0.965 0.785,-1.75 1.75,-1.75 z m 0,2.5 c 0.414,0 0.75,-0.337 0.75,-0.75 0,-0.413 -0.336,-0.75 -0.75,-0.75 -0.414,0 -0.75,0.337 -0.75,0.75 0,0.413 0.336,0.75 0.75,0.75 z m -8.5,-2.5 c 0.965,0 1.75,0.785 1.75,1.75 0,0.965 -0.785,1.75 -1.75,1.75 -0.965,0 -1.75,-0.785 -1.75,-1.75 0,-0.965 0.785,-1.75 1.75,-1.75 z m 0,2.5 c 0.414,0 0.75,-0.337 0.75,-0.75 0,-0.413 -0.336,-0.75 -0.75,-0.75 -0.414,0 -0.75,0.337 -0.75,0.75 0,0.413 0.336,0.75 0.75,0.75 z M 3.555,2 3.857,4 H 17 l -1.118,8.036 H 3.969 L 2.931,4.573 2.695,3 H -0.074 V 2 Z M 4,5 4.139,6 H 15.713 L 15.852,5 Z M 15.012,11.036 15.573,7 H 4.278 l 0.561,4.036 z\"\n     fill=\"#000000\"\n     id=\"path48\" \/>\n<\/svg>\n<\/span>Add to cart<\/a>\t<span id=\"woocommerce_loop_add_to_cart_link_describedby_5343\" class=\"screen-reader-text\">\n\t\t\t<\/span>\n<\/div><div class=\"product-loop-content text-center\">\t\t<h2 class=\"woocommerce-loop-product__title\">\n\t\t\t<a href=\"https:\/\/www.elmercadodeorigen.com\/en\/product\/100-iberian-acorn-fed-sobrasada\/\" class=\"woocommerce-LoopProduct-link woocommerce-loop-product__link\">100% Iberian acorn-fed sobrasada<\/a>\t\t<\/h2>\n\t\t<div class=\"product-loop-meta no-transform\"><div class=\"animated-meta\">\t\t\t<span class=\"price\"><span class=\"woocommerce-Price-amount amount\">21,50<span class=\"woocommerce-Price-currencySymbol\">&euro;<\/span><\/span><\/span>\n\t\t\t<\/div><\/div><\/div><div class=\"wcfmmp_sold_by_container\"><div class=\"wcfm-clearfix\"><\/div><div class=\"wcfmmp_sold_by_wrapper\"><span class=\"wcfmmp_sold_by_label\">Sold by:&nbsp;<\/span><img decoding=\"async\" class=\"wcfmmp_sold_by_logo\" src=\"https:\/\/www.elmercadodeorigen.com\/wp-content\/uploads\/2020\/06\/Hidalgo-de-la-Jara-logo.jpg\" \/>&nbsp;<a class=\"wcfm_dashboard_item_title\" target=\"_blank\" href=\"https:\/\/www.elmercadodeorigen.com\/en\/store\/hidalgo-de-la-jara\/\">Hidalgo de la Jara<\/a><\/div><div class=\"wcfm-clearfix\"><\/div><\/div>\t\t<\/div>\n\t\t<\/li>\n<li class=\"product type-product post-5336 status-publish instock product_cat-mentta-embutidos-y-curados product_cat-embutidos-y-curados product_cat-mentta product_tag-embutidos product_tag-morcon has-post-thumbnail taxable shipping-taxable purchasable product-type-simple\">\n\t\t\t<div class=\"product-loop-wrapper\">\n\t\t<div class=\"berocket_better_labels berocket_better_labels_image\"><div class=\"berocket_better_labels_position berocket_better_labels_position_right\"><div class=\"berocket_better_labels_line berocket_better_labels_line_1\"><div class=\"berocket_better_labels_inline berocket_better_labels_inline_1\"><div class=\"br_alabel br_alabel_type_text br_alabel_template_type_css berocket_alabel_id_1775  br_alabel_better_compatibility\" style=\"\"><span  style=\"\"><i style=\"background-color: #f16543; border-color: #f16543;\" class=\"template-span-before\"><\/i><i style=\"background-color: #f16543; border-color: #f16543;\" class=\"template-i\"><\/i><i style=\"background-color: #f16543; border-color: #f16543;\" class=\"template-i-before\"><\/i><i style=\"background-color: #f16543; border-color: #f16543;\" class=\"template-i-after\"><\/i><b style=\"position: relative;z-index: 100;text-align: center;color: inherit;\">New<\/b><\/span><\/div><\/div><\/div><\/div><\/div><div class=\"product-loop-image-wrapper\">\t\t<div class=\"product-loop-action\"><\/div>\n\t\t<a href=\"https:\/\/www.elmercadodeorigen.com\/en\/product\/100-iberian-acorn-fed-morcon\/\" class=\"woocommerce-LoopProduct-link woocommerce-loop-product__link\">\t\t\t\t<span class=\"product-loop-hover-image\" style=\"background-image: url(https:\/\/www.elmercadodeorigen.com\/wp-content\/uploads\/2021\/11\/11.2-Morcon-de-bellota-100-iberico-300x400.jpg);\"><\/span>\n\t\t\t\t<img width=\"480\" height=\"480\" src=\"https:\/\/www.elmercadodeorigen.com\/wp-content\/uploads\/2021\/11\/Morcon-de-bellota-100-iberico-480x480.jpg\" class=\"attachment-woocommerce_thumbnail size-woocommerce_thumbnail product-loop-image elmercado-catalog-card-image-010241\" alt=\"Morc\u00f3n de bellota 100% ib\u00e9rico\" srcset=\"https:\/\/www.elmercadodeorigen.com\/wp-content\/uploads\/2021\/11\/Morcon-de-bellota-100-iberico-480x480.jpg 480w, https:\/\/www.elmercadodeorigen.com\/wp-content\/uploads\/2021\/11\/Morcon-de-bellota-100-iberico.jpg 750w\" sizes=\"(max-width: 767px) calc(100vw - 32px), (max-width: 1100px) calc(50vw - 32px), 280px\" decoding=\"async\" \/><\/a><a href=\"\/en\/wp-json\/wp\/v2\/posts\/13760?add-to-cart=5336\" data-quantity=\"1\" class=\"loop-add-to-cart-on-image button product_type_simple add_to_cart_button ajax_add_to_cart\" data-product_id=\"5336\" data-product_sku=\"\" title=\"Add to cart: \u201c100% Iberian acorn-fed morc\u00f3n\u201d\" rel=\"nofollow\" data-emdo-pinterest-id=\"emdo-5336\" data-emdo-pinterest-name=\"100% Iberian acorn-fed morc\u00f3n\" data-emdo-pinterest-price=\"25\" data-emdo-pinterest-category=\"Embutidos y curados\" data-emdo-pinterest-brand=\"Hidalgo de la Jara\" role=\"button\" data-no-translation-title=\"\"><span class=\"woostify-svg-icon icon-shopping-cart-2\"><svg\n   xmlns:dc=\"http:\/\/purl.org\/dc\/elements\/1.1\/\"\n   xmlns:cc=\"http:\/\/creativecommons.org\/ns#\"\n   xmlns:rdf=\"http:\/\/www.w3.org\/1999\/02\/22-rdf-syntax-ns#\"\n   xmlns:svg=\"http:\/\/www.w3.org\/2000\/svg\"\n   xmlns=\"http:\/\/www.w3.org\/2000\/svg\"\n   xmlns:sodipodi=\"http:\/\/sodipodi.sourceforge.net\/DTD\/sodipodi-0.dtd\"\n   xmlns:inkscape=\"http:\/\/www.inkscape.org\/namespaces\/inkscape\"\n   version=\"1.1\"\n   width=\"17\"\n   height=\"17\"\n   viewbox=\"0 0 17 17\"\n   id=\"svg50\"\n   sodipodi:docname=\"shopping-cart-2.svg\"\n   inkscape:version=\"1.0.2-2 (e86c870879, 2021-01-15)\">\n  <metadata\n     id=\"metadata56\">\n    <rdf:rdf>\n      <cc:work\n         rdf:about=\"\">\n        <dc:format>image\/svg+xml<\/dc:format>\n        <dc:type\n           rdf:resource=\"http:\/\/purl.org\/dc\/dcmitype\/StillImage\" \/>\n        <dc:title><\/dc:title>\n      <\/cc:work>\n    <\/rdf:rdf>\n  <\/metadata>\n  <defs\n     id=\"defs54\" \/>\n  <sodipodi:namedview\n     pagecolor=\"#ffffff\"\n     bordercolor=\"#666666\"\n     borderopacity=\"1\"\n     objecttolerance=\"10\"\n     gridtolerance=\"10\"\n     guidetolerance=\"10\"\n     inkscape:pageopacity=\"0\"\n     inkscape:pageshadow=\"2\"\n     inkscape:window-width=\"2400\"\n     inkscape:window-height=\"1271\"\n     id=\"namedview52\"\n     showgrid=\"false\"\n     inkscape:zoom=\"48.823529\"\n     inkscape:cx=\"8.5\"\n     inkscape:cy=\"8.5\"\n     inkscape:window-x=\"2391\"\n     inkscape:window-y=\"-9\"\n     inkscape:window-maximized=\"1\"\n     inkscape:current-layer=\"svg50\" \/>\n  <g\n     id=\"g46\"\n     transform=\"matrix(-1,0,0,1,16.926,0)\" \/>\n  <path\n     d=\"m 14.176,12.5 c 0.965,0 1.75,0.785 1.75,1.75 0,0.965 -0.785,1.75 -1.75,1.75 -0.965,0 -1.75,-0.785 -1.75,-1.75 0,-0.965 0.785,-1.75 1.75,-1.75 z m 0,2.5 c 0.414,0 0.75,-0.337 0.75,-0.75 0,-0.413 -0.336,-0.75 -0.75,-0.75 -0.414,0 -0.75,0.337 -0.75,0.75 0,0.413 0.336,0.75 0.75,0.75 z m -8.5,-2.5 c 0.965,0 1.75,0.785 1.75,1.75 0,0.965 -0.785,1.75 -1.75,1.75 -0.965,0 -1.75,-0.785 -1.75,-1.75 0,-0.965 0.785,-1.75 1.75,-1.75 z m 0,2.5 c 0.414,0 0.75,-0.337 0.75,-0.75 0,-0.413 -0.336,-0.75 -0.75,-0.75 -0.414,0 -0.75,0.337 -0.75,0.75 0,0.413 0.336,0.75 0.75,0.75 z M 3.555,2 3.857,4 H 17 l -1.118,8.036 H 3.969 L 2.931,4.573 2.695,3 H -0.074 V 2 Z M 4,5 4.139,6 H 15.713 L 15.852,5 Z M 15.012,11.036 15.573,7 H 4.278 l 0.561,4.036 z\"\n     fill=\"#000000\"\n     id=\"path48\" \/>\n<\/svg>\n<\/span>Add to cart<\/a>\t<span id=\"woocommerce_loop_add_to_cart_link_describedby_5336\" class=\"screen-reader-text\">\n\t\t\t<\/span>\n<\/div><div class=\"product-loop-content text-center\">\t\t<h2 class=\"woocommerce-loop-product__title\">\n\t\t\t<a href=\"https:\/\/www.elmercadodeorigen.com\/en\/product\/100-iberian-acorn-fed-morcon\/\" class=\"woocommerce-LoopProduct-link woocommerce-loop-product__link\">100% Iberian acorn-fed morc\u00f3n<\/a>\t\t<\/h2>\n\t\t<div class=\"star-rating\" role=\"img\" aria-label=\"Rated 5.00 out of 5\" data-no-translation-aria-label=\"\"><span style=\"width:100%\" data-no-translation=\"\" data-trp-gettext=\"\">Rated <strong class=\"rating\">5.00<\/strong> out of 5<\/span><\/div><div class=\"product-loop-meta no-transform\"><div class=\"animated-meta\">\t\t\t<span class=\"price\"><span class=\"woocommerce-Price-amount amount\">25,00<span class=\"woocommerce-Price-currencySymbol\">&euro;<\/span><\/span><\/span>\n\t\t\t<\/div><\/div><\/div><div class=\"wcfmmp_sold_by_container\"><div class=\"wcfm-clearfix\"><\/div><div class=\"wcfmmp_sold_by_wrapper\"><span class=\"wcfmmp_sold_by_label\">Sold by:&nbsp;<\/span><img decoding=\"async\" class=\"wcfmmp_sold_by_logo\" src=\"https:\/\/www.elmercadodeorigen.com\/wp-content\/uploads\/2020\/06\/Hidalgo-de-la-Jara-logo.jpg\" \/>&nbsp;<a class=\"wcfm_dashboard_item_title\" target=\"_blank\" href=\"https:\/\/www.elmercadodeorigen.com\/en\/store\/hidalgo-de-la-jara\/\">Hidalgo de la Jara<\/a><\/div><div class=\"wcfm-clearfix\"><\/div><\/div>\t\t<\/div>\n\t\t<\/li>\n<li class=\"product type-product post-5080 status-publish last instock product_cat-embutidos-y-curados product_cat-mentta-embutidos-y-curados product_cat-jamones-paletas product_cat-mentta-jamones-paletas product_cat-mentta product_cat-packs-y-lotes product_cat-mentta-packs-y-lotes product_tag-100-iberico product_tag-bellota product_tag-cata product_tag-chorizo product_tag-cortado-a-cuchillo product_tag-embutidos product_tag-iberico product_tag-ibericos product_tag-jamon product_tag-lomo product_tag-pack product_tag-paleta product_tag-salchichon has-post-thumbnail featured taxable shipping-taxable purchasable product-type-simple\">\n\t\t\t<div class=\"product-loop-wrapper\">\n\t\t<div class=\"product-loop-image-wrapper\">\t\t<div class=\"product-loop-action\"><\/div>\n\t\t<a href=\"https:\/\/www.elmercadodeorigen.com\/en\/product\/tasting-pack-of-100-iberian-acorn-2x-ham-2x-shoulder-ham-2x-cured-loin-2x-salchichon-2x-chorizo\/\" class=\"woocommerce-LoopProduct-link woocommerce-loop-product__link\">\t\t\t\t<span class=\"product-loop-hover-image\" style=\"background-image: url(https:\/\/www.elmercadodeorigen.com\/wp-content\/uploads\/2021\/10\/Sobre_loncheado_mano_Jamon_bellota_100ib-300x400.jpg);\"><\/span>\n\t\t\t\t<img loading=\"lazy\" width=\"305\" height=\"480\" src=\"https:\/\/www.elmercadodeorigen.com\/wp-content\/uploads\/2021\/10\/Pack-de-cata-de-bellota-100-iberico-305x480.jpg\" class=\"attachment-woocommerce_thumbnail size-woocommerce_thumbnail product-loop-image elmercado-catalog-card-image-010241\" alt=\"Pack de cata de bellota 100% ib\u00e9rico (2x jam\u00f3n, 2x paleta, 2x lomo, 2x salchich\u00f3n, 2x chorizo)\" srcset=\"https:\/\/www.elmercadodeorigen.com\/wp-content\/uploads\/2021\/10\/Pack-de-cata-de-bellota-100-iberico-305x480.jpg 305w, https:\/\/www.elmercadodeorigen.com\/wp-content\/uploads\/2021\/10\/Pack-de-cata-de-bellota-100-iberico-508x800.jpg 508w\" sizes=\"(max-width: 767px) calc(100vw - 32px), (max-width: 1100px) calc(50vw - 32px), 280px\" decoding=\"async\" \/><\/a><a href=\"\/en\/wp-json\/wp\/v2\/posts\/13760?add-to-cart=5080\" data-quantity=\"1\" class=\"loop-add-to-cart-on-image button product_type_simple add_to_cart_button ajax_add_to_cart\" data-product_id=\"5080\" data-product_sku=\"\" title=\"Add to cart: \u201cTasting pack of 100% Iberian acorn (2x ham, 2x shoulder ham, 2x cured loin, 2x salchich\u00f3n, 2x chorizo)\u201d\" rel=\"nofollow\" data-emdo-pinterest-id=\"emdo-5080\" data-emdo-pinterest-name=\"Tasting pack of 100% Iberian acorn (2x ham, 2x shoulder ham, 2x cured loin, 2x salchich\u00f3n, 2x chorizo)\" data-emdo-pinterest-price=\"72\" data-emdo-pinterest-category=\"Embutidos y curados\" data-emdo-pinterest-brand=\"Hidalgo de la Jara\" role=\"button\" data-no-translation-title=\"\"><span class=\"woostify-svg-icon icon-shopping-cart-2\"><svg\n   xmlns:dc=\"http:\/\/purl.org\/dc\/elements\/1.1\/\"\n   xmlns:cc=\"http:\/\/creativecommons.org\/ns#\"\n   xmlns:rdf=\"http:\/\/www.w3.org\/1999\/02\/22-rdf-syntax-ns#\"\n   xmlns:svg=\"http:\/\/www.w3.org\/2000\/svg\"\n   xmlns=\"http:\/\/www.w3.org\/2000\/svg\"\n   xmlns:sodipodi=\"http:\/\/sodipodi.sourceforge.net\/DTD\/sodipodi-0.dtd\"\n   xmlns:inkscape=\"http:\/\/www.inkscape.org\/namespaces\/inkscape\"\n   version=\"1.1\"\n   width=\"17\"\n   height=\"17\"\n   viewbox=\"0 0 17 17\"\n   id=\"svg50\"\n   sodipodi:docname=\"shopping-cart-2.svg\"\n   inkscape:version=\"1.0.2-2 (e86c870879, 2021-01-15)\">\n  <metadata\n     id=\"metadata56\">\n    <rdf:rdf>\n      <cc:work\n         rdf:about=\"\">\n        <dc:format>image\/svg+xml<\/dc:format>\n        <dc:type\n           rdf:resource=\"http:\/\/purl.org\/dc\/dcmitype\/StillImage\" \/>\n        <dc:title><\/dc:title>\n      <\/cc:work>\n    <\/rdf:rdf>\n  <\/metadata>\n  <defs\n     id=\"defs54\" \/>\n  <sodipodi:namedview\n     pagecolor=\"#ffffff\"\n     bordercolor=\"#666666\"\n     borderopacity=\"1\"\n     objecttolerance=\"10\"\n     gridtolerance=\"10\"\n     guidetolerance=\"10\"\n     inkscape:pageopacity=\"0\"\n     inkscape:pageshadow=\"2\"\n     inkscape:window-width=\"2400\"\n     inkscape:window-height=\"1271\"\n     id=\"namedview52\"\n     showgrid=\"false\"\n     inkscape:zoom=\"48.823529\"\n     inkscape:cx=\"8.5\"\n     inkscape:cy=\"8.5\"\n     inkscape:window-x=\"2391\"\n     inkscape:window-y=\"-9\"\n     inkscape:window-maximized=\"1\"\n     inkscape:current-layer=\"svg50\" \/>\n  <g\n     id=\"g46\"\n     transform=\"matrix(-1,0,0,1,16.926,0)\" \/>\n  <path\n     d=\"m 14.176,12.5 c 0.965,0 1.75,0.785 1.75,1.75 0,0.965 -0.785,1.75 -1.75,1.75 -0.965,0 -1.75,-0.785 -1.75,-1.75 0,-0.965 0.785,-1.75 1.75,-1.75 z m 0,2.5 c 0.414,0 0.75,-0.337 0.75,-0.75 0,-0.413 -0.336,-0.75 -0.75,-0.75 -0.414,0 -0.75,0.337 -0.75,0.75 0,0.413 0.336,0.75 0.75,0.75 z m -8.5,-2.5 c 0.965,0 1.75,0.785 1.75,1.75 0,0.965 -0.785,1.75 -1.75,1.75 -0.965,0 -1.75,-0.785 -1.75,-1.75 0,-0.965 0.785,-1.75 1.75,-1.75 z m 0,2.5 c 0.414,0 0.75,-0.337 0.75,-0.75 0,-0.413 -0.336,-0.75 -0.75,-0.75 -0.414,0 -0.75,0.337 -0.75,0.75 0,0.413 0.336,0.75 0.75,0.75 z M 3.555,2 3.857,4 H 17 l -1.118,8.036 H 3.969 L 2.931,4.573 2.695,3 H -0.074 V 2 Z M 4,5 4.139,6 H 15.713 L 15.852,5 Z M 15.012,11.036 15.573,7 H 4.278 l 0.561,4.036 z\"\n     fill=\"#000000\"\n     id=\"path48\" \/>\n<\/svg>\n<\/span>Add to cart<\/a>\t<span id=\"woocommerce_loop_add_to_cart_link_describedby_5080\" class=\"screen-reader-text\">\n\t\t\t<\/span>\n<\/div><div class=\"product-loop-content text-center\">\t\t<h2 class=\"woocommerce-loop-product__title\">\n\t\t\t<a href=\"https:\/\/www.elmercadodeorigen.com\/en\/product\/tasting-pack-of-100-iberian-acorn-2x-ham-2x-shoulder-ham-2x-cured-loin-2x-salchichon-2x-chorizo\/\" class=\"woocommerce-LoopProduct-link woocommerce-loop-product__link\">Tasting pack of 100% Iberian acorn (2x ham, 2x shoulder ham, 2x cured loin, 2x salchich\u00f3n, 2x chorizo)<\/a>\t\t<\/h2>\n\t\t<div class=\"star-rating\" role=\"img\" aria-label=\"Rated 5.00 out of 5\" data-no-translation-aria-label=\"\"><span style=\"width:100%\" data-no-translation=\"\" data-trp-gettext=\"\">Rated <strong class=\"rating\">5.00<\/strong> out of 5<\/span><\/div><div class=\"product-loop-meta no-transform\"><div class=\"animated-meta\">\t\t\t<span class=\"price\"><span class=\"woocommerce-Price-amount amount\">72,00<span class=\"woocommerce-Price-currencySymbol\">&euro;<\/span><\/span><\/span>\n\t\t\t<\/div><\/div><\/div><div class=\"wcfmmp_sold_by_container\"><div class=\"wcfm-clearfix\"><\/div><div class=\"wcfmmp_sold_by_wrapper\"><span class=\"wcfmmp_sold_by_label\">Sold by:&nbsp;<\/span><img decoding=\"async\" class=\"wcfmmp_sold_by_logo\" src=\"https:\/\/www.elmercadodeorigen.com\/wp-content\/uploads\/2020\/06\/Hidalgo-de-la-Jara-logo.jpg\" \/>&nbsp;<a class=\"wcfm_dashboard_item_title\" target=\"_blank\" href=\"https:\/\/www.elmercadodeorigen.com\/en\/store\/hidalgo-de-la-jara\/\">Hidalgo de la Jara<\/a><\/div><div class=\"wcfm-clearfix\"><\/div><\/div>\t\t<\/div>\n\t\t<\/li>\n<\/ul>\n<\/div>","protected":false},"excerpt":{"rendered":"<p>Iberian chorizo provides a meaningful amount of protein, but there is no single number that applies to every brand. Because it is made from minced meat and fat, the lean-to-fat ratio and water loss during\u2026<\/p>","protected":false},"author":0,"featured_media":13442,"comment_status":"closed","ping_status":"closed","sticky":false,"template":"","format":"standard","meta":{"om_disable_all_campaigns":false,"_monsterinsights_skip_tracking":false,"_jetpack_newsletter_access":"","_jetpack_dont_email_post_to_subs":false,"_jetpack_newsletter_tier_id":0,"_jetpack_memberships_contains_paywalled_content":false,"_jetpack_feature_clip_id":0,"_jetpack_memberships_contains_paid_content":false,"footnotes":"","jetpack_post_was_ever_published":false},"categories":[443],"tags":[],"class_list":["post-13760","post","type-post","status-publish","format-standard","has-post-thumbnail","hentry","category-embutidos-y-curados"],"aioseo_notices":[],"aioseo_head":"\n\t\t<!-- All in One SEO 5.0.0.1 - aioseo.com -->\n\t<meta name=\"description\" content=\"Iberian chorizo provides a meaningful amount of protein, but there is no single number that applies to every brand. Because it is made from minced meat and\u2026\" \/>\n\t<meta name=\"robots\" content=\"max-image-preview:large\" \/>\n\t<link rel=\"canonical\" href=\"https:\/\/www.elmercadodeorigen.com\/en\/how-much-protein-iberian-chorizo\/\" \/>\n\t<meta name=\"generator\" content=\"All in One SEO (AIOSEO) 5.0.0.1\" \/>\n\t\t<meta property=\"og:locale\" content=\"en_US\" \/>\n\t\t<meta property=\"og:site_name\" content=\"El Mercado de Origen -\" \/>\n\t\t<meta property=\"og:type\" content=\"article\" \/>\n\t\t<meta property=\"og:title\" content=\"How much protein is in Iberian chorizo? | El Mercado de Origen\" \/>\n\t\t<meta property=\"og:description\" content=\"Iberian chorizo provides a meaningful amount of protein, but there is no single number that applies to every brand. Because it is made from minced meat and\u2026\" \/>\n\t\t<meta property=\"og:url\" content=\"https:\/\/www.elmercadodeorigen.com\/en\/how-much-protein-iberian-chorizo\/\" \/>\n\t\t<meta property=\"article:published_time\" content=\"2026-08-31T09:33:05+00:00\" \/>\n\t\t<meta property=\"article:modified_time\" content=\"2026-08-31T09:33:05+00:00\" \/>\n\t\t<meta name=\"twitter:card\" content=\"summary_large_image\" \/>\n\t\t<meta name=\"twitter:title\" content=\"How much protein is in Iberian chorizo? | El Mercado de Origen\" \/>\n\t\t<meta name=\"twitter:description\" content=\"Iberian chorizo provides a meaningful amount of protein, but there is no single number that applies to every brand. Because it is made from minced meat and\u2026\" \/>\n\t\t<script type=\"application\/ld+json\" class=\"aioseo-schema\">\n\t\t\t{\"@context\":\"https:\\\/\\\/schema.org\",\"@graph\":[{\"@type\":\"BlogPosting\",\"@id\":\"https:\\\/\\\/www.elmercadodeorigen.com\\\/en\\\/how-much-protein-iberian-chorizo\\\/#blogposting\",\"name\":\"How much protein is in Iberian chorizo? | El Mercado de Origen\",\"headline\":\"How much protein is in Iberian chorizo?\",\"author\":{\"@id\":\"https:\\\/\\\/www.elmercadodeorigen.com\\\/en\\\/author\\\/#author\"},\"publisher\":{\"@id\":\"https:\\\/\\\/www.elmercadodeorigen.com\\\/en\\\/#organization\"},\"image\":{\"@type\":\"ImageObject\",\"url\":\"https:\\\/\\\/www.elmercadodeorigen.com\\\/wp-content\\\/uploads\\\/2026\\\/08\\\/el-mercado-de-origen-blog-provisional-a8e8da4124b2.webp\",\"width\":1200,\"height\":675,\"caption\":\"Imagen provisional del blog de El Mercado de Origen\"},\"datePublished\":\"2026-08-31T11:33:05+02:00\",\"dateModified\":\"2026-08-31T11:33:05+02:00\",\"inLanguage\":\"en-US\",\"mainEntityOfPage\":{\"@id\":\"https:\\\/\\\/www.elmercadodeorigen.com\\\/en\\\/how-much-protein-iberian-chorizo\\\/#webpage\"},\"isPartOf\":{\"@id\":\"https:\\\/\\\/www.elmercadodeorigen.com\\\/en\\\/how-much-protein-iberian-chorizo\\\/#webpage\"},\"articleSection\":\"Cured meats\"},{\"@type\":\"BreadcrumbList\",\"@id\":\"https:\\\/\\\/www.elmercadodeorigen.com\\\/en\\\/how-much-protein-iberian-chorizo\\\/#breadcrumblist\",\"itemListElement\":[{\"@type\":\"ListItem\",\"@id\":\"https:\\\/\\\/www.elmercadodeorigen.com\\\/en#listItem\",\"position\":1,\"name\":\"Home\",\"item\":\"https:\\\/\\\/www.elmercadodeorigen.com\\\/en\",\"nextItem\":{\"@type\":\"ListItem\",\"@id\":\"https:\\\/\\\/www.elmercadodeorigen.com\\\/en\\\/category\\\/cured-meats\\\/#listItem\",\"name\":\"Cured meats\"}},{\"@type\":\"ListItem\",\"@id\":\"https:\\\/\\\/www.elmercadodeorigen.com\\\/en\\\/category\\\/cured-meats\\\/#listItem\",\"position\":2,\"name\":\"Cured meats\",\"item\":\"https:\\\/\\\/www.elmercadodeorigen.com\\\/en\\\/category\\\/cured-meats\\\/\",\"nextItem\":{\"@type\":\"ListItem\",\"@id\":\"https:\\\/\\\/www.elmercadodeorigen.com\\\/en\\\/how-much-protein-iberian-chorizo\\\/#listItem\",\"name\":\"How much protein is in Iberian chorizo?\"},\"previousItem\":{\"@type\":\"ListItem\",\"@id\":\"https:\\\/\\\/www.elmercadodeorigen.com\\\/en#listItem\",\"name\":\"Home\"}},{\"@type\":\"ListItem\",\"@id\":\"https:\\\/\\\/www.elmercadodeorigen.com\\\/en\\\/how-much-protein-iberian-chorizo\\\/#listItem\",\"position\":3,\"name\":\"How much protein is in Iberian chorizo?\",\"previousItem\":{\"@type\":\"ListItem\",\"@id\":\"https:\\\/\\\/www.elmercadodeorigen.com\\\/en\\\/category\\\/cured-meats\\\/#listItem\",\"name\":\"Cured meats\"}}]},{\"@type\":\"Organization\",\"@id\":\"https:\\\/\\\/www.elmercadodeorigen.com\\\/en\\\/#organization\",\"name\":\"El Mercado de Origen\",\"url\":\"https:\\\/\\\/www.elmercadodeorigen.com\\\/en\\\/\"},{\"@type\":\"WebPage\",\"@id\":\"https:\\\/\\\/www.elmercadodeorigen.com\\\/en\\\/how-much-protein-iberian-chorizo\\\/#webpage\",\"url\":\"https:\\\/\\\/www.elmercadodeorigen.com\\\/en\\\/how-much-protein-iberian-chorizo\\\/\",\"name\":\"How much protein is in Iberian chorizo? | El Mercado de Origen\",\"description\":\"Iberian chorizo provides a meaningful amount of protein, but there is no single number that applies to every brand. Because it is made from minced meat and\\u2026\",\"inLanguage\":\"en-US\",\"isPartOf\":{\"@id\":\"https:\\\/\\\/www.elmercadodeorigen.com\\\/en\\\/#website\"},\"breadcrumb\":{\"@id\":\"https:\\\/\\\/www.elmercadodeorigen.com\\\/en\\\/how-much-protein-iberian-chorizo\\\/#breadcrumblist\"},\"author\":{\"@id\":\"https:\\\/\\\/www.elmercadodeorigen.com\\\/en\\\/author\\\/#author\"},\"creator\":{\"@id\":\"https:\\\/\\\/www.elmercadodeorigen.com\\\/en\\\/author\\\/#author\"},\"image\":{\"@type\":\"ImageObject\",\"url\":\"https:\\\/\\\/www.elmercadodeorigen.com\\\/wp-content\\\/uploads\\\/2026\\\/08\\\/el-mercado-de-origen-blog-provisional-a8e8da4124b2.webp\",\"@id\":\"https:\\\/\\\/www.elmercadodeorigen.com\\\/en\\\/how-much-protein-iberian-chorizo\\\/#mainImage\",\"width\":1200,\"height\":675,\"caption\":\"Imagen provisional del blog de El Mercado de Origen\"},\"primaryImageOfPage\":{\"@id\":\"https:\\\/\\\/www.elmercadodeorigen.com\\\/en\\\/how-much-protein-iberian-chorizo\\\/#mainImage\"},\"datePublished\":\"2026-08-31T11:33:05+02:00\",\"dateModified\":\"2026-08-31T11:33:05+02:00\"},{\"@type\":\"WebSite\",\"@id\":\"https:\\\/\\\/www.elmercadodeorigen.com\\\/en\\\/#website\",\"url\":\"https:\\\/\\\/www.elmercadodeorigen.com\\\/en\\\/\",\"name\":\"El Mercado de Origen\",\"inLanguage\":\"en-US\",\"publisher\":{\"@id\":\"https:\\\/\\\/www.elmercadodeorigen.com\\\/en\\\/#organization\"}}]}\n\t\t<\/script>\n\t\t<!-- All in One SEO -->\n\n","aioseo_head_json":{"title":"How much protein is in Iberian chorizo? | El Mercado de Origen","description":"Iberian chorizo provides a meaningful amount of protein, but there is no single number that applies to every brand. Because it is made from minced meat and\u2026","canonical_url":"https:\/\/www.elmercadodeorigen.com\/en\/how-much-protein-iberian-chorizo\/","robots":"max-image-preview:large","keywords":"","webmasterTools":{"miscellaneous":""},"schema":{"@context":"https:\/\/schema.org","@graph":[{"@type":"BlogPosting","@id":"https:\/\/www.elmercadodeorigen.com\/en\/how-much-protein-iberian-chorizo\/#blogposting","name":"How much protein is in Iberian chorizo? | El Mercado de Origen","headline":"How much protein is in Iberian chorizo?","author":{"@id":"https:\/\/www.elmercadodeorigen.com\/en\/author\/#author"},"publisher":{"@id":"https:\/\/www.elmercadodeorigen.com\/en\/#organization"},"image":{"@type":"ImageObject","url":"https:\/\/www.elmercadodeorigen.com\/wp-content\/uploads\/2026\/08\/el-mercado-de-origen-blog-provisional-a8e8da4124b2.webp","width":1200,"height":675,"caption":"Imagen provisional del blog de El Mercado de Origen"},"datePublished":"2026-08-31T11:33:05+02:00","dateModified":"2026-08-31T11:33:05+02:00","inLanguage":"en-US","mainEntityOfPage":{"@id":"https:\/\/www.elmercadodeorigen.com\/en\/how-much-protein-iberian-chorizo\/#webpage"},"isPartOf":{"@id":"https:\/\/www.elmercadodeorigen.com\/en\/how-much-protein-iberian-chorizo\/#webpage"},"articleSection":"Cured meats"},{"@type":"BreadcrumbList","@id":"https:\/\/www.elmercadodeorigen.com\/en\/how-much-protein-iberian-chorizo\/#breadcrumblist","itemListElement":[{"@type":"ListItem","@id":"https:\/\/www.elmercadodeorigen.com\/en#listItem","position":1,"name":"Home","item":"https:\/\/www.elmercadodeorigen.com\/en","nextItem":{"@type":"ListItem","@id":"https:\/\/www.elmercadodeorigen.com\/en\/category\/cured-meats\/#listItem","name":"Cured meats"}},{"@type":"ListItem","@id":"https:\/\/www.elmercadodeorigen.com\/en\/category\/cured-meats\/#listItem","position":2,"name":"Cured meats","item":"https:\/\/www.elmercadodeorigen.com\/en\/category\/cured-meats\/","nextItem":{"@type":"ListItem","@id":"https:\/\/www.elmercadodeorigen.com\/en\/how-much-protein-iberian-chorizo\/#listItem","name":"How much protein is in Iberian chorizo?"},"previousItem":{"@type":"ListItem","@id":"https:\/\/www.elmercadodeorigen.com\/en#listItem","name":"Home"}},{"@type":"ListItem","@id":"https:\/\/www.elmercadodeorigen.com\/en\/how-much-protein-iberian-chorizo\/#listItem","position":3,"name":"How much protein is in Iberian chorizo?","previousItem":{"@type":"ListItem","@id":"https:\/\/www.elmercadodeorigen.com\/en\/category\/cured-meats\/#listItem","name":"Cured meats"}}]},{"@type":"Organization","@id":"https:\/\/www.elmercadodeorigen.com\/en\/#organization","name":"El Mercado de Origen","url":"https:\/\/www.elmercadodeorigen.com\/en\/"},{"@type":"WebPage","@id":"https:\/\/www.elmercadodeorigen.com\/en\/how-much-protein-iberian-chorizo\/#webpage","url":"https:\/\/www.elmercadodeorigen.com\/en\/how-much-protein-iberian-chorizo\/","name":"How much protein is in Iberian chorizo? | El Mercado de Origen","description":"Iberian chorizo provides a meaningful amount of protein, but there is no single number that applies to every brand. Because it is made from minced meat and\u2026","inLanguage":"en-US","isPartOf":{"@id":"https:\/\/www.elmercadodeorigen.com\/en\/#website"},"breadcrumb":{"@id":"https:\/\/www.elmercadodeorigen.com\/en\/how-much-protein-iberian-chorizo\/#breadcrumblist"},"author":{"@id":"https:\/\/www.elmercadodeorigen.com\/en\/author\/#author"},"creator":{"@id":"https:\/\/www.elmercadodeorigen.com\/en\/author\/#author"},"image":{"@type":"ImageObject","url":"https:\/\/www.elmercadodeorigen.com\/wp-content\/uploads\/2026\/08\/el-mercado-de-origen-blog-provisional-a8e8da4124b2.webp","@id":"https:\/\/www.elmercadodeorigen.com\/en\/how-much-protein-iberian-chorizo\/#mainImage","width":1200,"height":675,"caption":"Imagen provisional del blog de El Mercado de Origen"},"primaryImageOfPage":{"@id":"https:\/\/www.elmercadodeorigen.com\/en\/how-much-protein-iberian-chorizo\/#mainImage"},"datePublished":"2026-08-31T11:33:05+02:00","dateModified":"2026-08-31T11:33:05+02:00"},{"@type":"WebSite","@id":"https:\/\/www.elmercadodeorigen.com\/en\/#website","url":"https:\/\/www.elmercadodeorigen.com\/en\/","name":"El Mercado de Origen","inLanguage":"en-US","publisher":{"@id":"https:\/\/www.elmercadodeorigen.com\/en\/#organization"}}]},"og:locale":"en_US","og:site_name":"El Mercado de Origen -","og:type":"article","og:title":"How much protein is in Iberian chorizo? | El Mercado de Origen","og:description":"Iberian chorizo provides a meaningful amount of protein, but there is no single number that applies to every brand. Because it is made from minced meat and\u2026","og:url":"https:\/\/www.elmercadodeorigen.com\/en\/how-much-protein-iberian-chorizo\/","article:published_time":"2026-08-31T09:33:05+00:00","article:modified_time":"2026-08-31T09:33:05+00:00","twitter:card":"summary_large_image","twitter:title":"How much protein is in Iberian chorizo? | El Mercado de Origen","twitter:description":"Iberian chorizo provides a meaningful amount of protein, but there is no single number that applies to every brand. Because it is made from minced meat and\u2026"},"aioseo_meta_data":{"post_id":"13760","title":null,"description":null,"keywords":null,"keyphrases":null,"primary_term":null,"canonical_url":null,"og_title":null,"og_description":null,"og_object_type":"default","og_image_type":"default","og_image_url":null,"og_image_width":null,"og_image_height":null,"og_image_custom_url":null,"og_image_custom_fields":null,"og_video":null,"og_custom_url":null,"og_article_section":null,"og_article_tags":null,"twitter_use_og":false,"twitter_card":"default","twitter_image_type":"default","twitter_image_url":null,"twitter_image_custom_url":null,"twitter_image_custom_fields":null,"twitter_title":null,"twitter_description":null,"schema":{"blockGraphs":[],"customGraphs":[],"default":{"data":{"Article":[],"Course":[],"Dataset":[],"FAQPage":[],"Movie":[],"Person":[],"Product":[],"ProductReview":[],"Car":[],"Recipe":[],"Service":[],"SoftwareApplication":[],"WebPage":[]},"graphName":"","isEnabled":true},"graphs":[]},"schema_type":"default","schema_type_options":null,"pillar_content":false,"robots_default":true,"robots_noindex":false,"robots_noarchive":false,"robots_nosnippet":false,"robots_nofollow":false,"robots_noimageindex":false,"robots_noodp":false,"robots_notranslate":false,"robots_max_snippet":null,"robots_max_videopreview":null,"robots_max_imagepreview":"large","priority":null,"frequency":null,"local_seo":null,"limit_modified_date":false,"created":"2026-08-31 10:44:45","updated":"2026-08-31 10:44:45","focus_keyword":null,"additional_keywords":null,"truseo_locale":null,"ai":null,"breadcrumb_settings":null,"seo_analyzer_scan_date":null},"aioseo_breadcrumb":"<div class=\"aioseo-breadcrumbs\"><span class=\"aioseo-breadcrumb\">\n\t\t\t<a href=\"https:\/\/www.elmercadodeorigen.com\/en\" title=\"Home\">Home<\/a>\n\t\t<\/span><span class=\"aioseo-breadcrumb-separator\">&raquo;<\/span><span class=\"aioseo-breadcrumb\">\n\t\t\t<a href=\"https:\/\/www.elmercadodeorigen.com\/en\/category\/cured-meats\/\" title=\"Cured meats\">Cured meats<\/a>\n\t\t<\/span><span class=\"aioseo-breadcrumb-separator\">&raquo;<\/span><span class=\"aioseo-breadcrumb\">\n\t\t\tHow much protein is in Iberian chorizo?\n\t\t<\/span><\/div>","aioseo_breadcrumb_json":[{"label":"Home","link":"https:\/\/www.elmercadodeorigen.com\/en"},{"label":"Cured meats","link":"https:\/\/www.elmercadodeorigen.com\/en\/category\/cured-meats\/"},{"label":"How much protein is in Iberian chorizo?","link":"https:\/\/www.elmercadodeorigen.com\/en\/how-much-protein-iberian-chorizo\/"}],"jetpack_sharing_enabled":true,"jetpack_featured_media_url":"https:\/\/www.elmercadodeorigen.com\/wp-content\/uploads\/2026\/08\/el-mercado-de-origen-blog-provisional-a8e8da4124b2.webp","_links":{"self":[{"href":"https:\/\/www.elmercadodeorigen.com\/en\/wp-json\/wp\/v2\/posts\/13760","targetHints":{"allow":["GET"]}}],"collection":[{"href":"https:\/\/www.elmercadodeorigen.com\/en\/wp-json\/wp\/v2\/posts"}],"about":[{"href":"https:\/\/www.elmercadodeorigen.com\/en\/wp-json\/wp\/v2\/types\/post"}],"replies":[{"embeddable":true,"href":"https:\/\/www.elmercadodeorigen.com\/en\/wp-json\/wp\/v2\/comments?post=13760"}],"version-history":[{"count":0,"href":"https:\/\/www.elmercadodeorigen.com\/en\/wp-json\/wp\/v2\/posts\/13760\/revisions"}],"wp:featuredmedia":[{"embeddable":true,"href":"https:\/\/www.elmercadodeorigen.com\/en\/wp-json\/wp\/v2\/media\/13442"}],"wp:attachment":[{"href":"https:\/\/www.elmercadodeorigen.com\/en\/wp-json\/wp\/v2\/media?parent=13760"}],"wp:term":[{"taxonomy":"category","embeddable":true,"href":"https:\/\/www.elmercadodeorigen.com\/en\/wp-json\/wp\/v2\/categories?post=13760"},{"taxonomy":"post_tag","embeddable":true,"href":"https:\/\/www.elmercadodeorigen.com\/en\/wp-json\/wp\/v2\/tags?post=13760"}],"curies":[{"name":"wp","href":"https:\/\/api.w.org\/{rel}","templated":true}]}}